{"id":581,"date":"2025-02-13T19:16:12","date_gmt":"2025-02-13T18:16:12","guid":{"rendered":"https:\/\/fondschristianboltanski.com\/new_website\/?p=581"},"modified":"2025-02-27T14:19:20","modified_gmt":"2025-02-27T13:19:20","slug":"legerete-des-ombres","status":"publish","type":"post","link":"https:\/\/fondschristianboltanski.com\/en\/legerete-des-ombres\/","title":{"rendered":"L\u00e9g\u00e8ret\u00e9 des ombres"},"content":{"rendered":"<p>\u201cI really liked the idea of an immaterial image that could take on any form and disappear in a second.<br \/>\nAll you have to do is turn on the light and there&#8217;s nothing left&#8221;.<\/p>\n<p>&nbsp;<\/p>\n<p>In the early 1980s, Christian Boltanski used projection, then shadows, to transform the ordinary into the magical.<br \/>\nCreating a dim light source with candles and then light bulbs, he developed a visual vocabulary all his own.<br \/>\nHe created his first shadow theater with fragile, cobbled-together cardboard puppets, through which he evokes our ghosts and fears of disappearance\u00a0but also our desire to rediscover childlike fascination and carefreeness.<\/p>\n<p>&nbsp;<\/p>\n<p>Conceived by the Christian Boltanski Endowment Fund, this exhibition reminds us of the artist&#8217;s powerful work on absence.<\/p>\n<p>&nbsp;<\/p>\n<p><a href=\"https:\/\/www.instagram.com\/transfo.emmaus.solidarite\/\" target=\"_blank\" rel=\"noopener\">Transfo &#8211; Emma\u00fcs Solidarit\u00e9<\/a><\/p>\n<p>&nbsp;<\/p>\n<p>Photo Credit: Marc Domage \/ Courtesy Transfo &#8211; Emma\u00fcs Solidarit\u00e9<\/p>","protected":false},"excerpt":{"rendered":"<p>\u201cI really liked the idea of an immaterial image that could take on any form and disappear in a second. All you have to do is turn on the light and there&#8217;s nothing left&#8221;. &nbsp; In the early 1980s, Christian Boltanski used projection, then shadows, to transform the ordinary into the magical. Creating a dim [&hellip;]<\/p>\n","protected":false},"author":3,"featured_media":672,"comment_status":"open","ping_status":"open","sticky":false,"template":"","format":"standard","meta":{"_acf_changed":false,"footnotes":""},"categories":[3],"tags":[],"class_list":["post-581","post","type-post","status-publish","format-standard","has-post-thumbnail","hentry","category-expositions"],"acf":[],"yoast_head":"<!-- This site is optimized with the Yoast SEO plugin v27.5 - https:\/\/yoast.com\/product\/yoast-seo-wordpress\/ -->\n<title>L\u00e9g\u00e8ret\u00e9 des ombres - Fonds de dotation Christian Boltanski<\/title>\n<meta name=\"robots\" content=\"index, follow, max-snippet:-1, max-image-preview:large, max-video-preview:-1\" \/>\n<link rel=\"canonical\" href=\"https:\/\/fondschristianboltanski.com\/en\/legerete-des-ombres\/\" \/>\n<meta property=\"og:locale\" content=\"en_US\" \/>\n<meta property=\"og:type\" content=\"article\" \/>\n<meta property=\"og:title\" content=\"L\u00e9g\u00e8ret\u00e9 des ombres - Fonds de dotation Christian Boltanski\" \/>\n<meta property=\"og:description\" content=\"\u201cI really liked the idea of an immaterial image that could take on any form and disappear in a second. All you have to do is turn on the light and there&#8217;s nothing left&#8221;. &nbsp; In the early 1980s, Christian Boltanski used projection, then shadows, to transform the ordinary into the magical. Creating a dim [&hellip;]\" \/>\n<meta property=\"og:url\" content=\"https:\/\/fondschristianboltanski.com\/en\/legerete-des-ombres\/\" \/>\n<meta property=\"og:site_name\" content=\"Fonds de dotation Christian Boltanski\" \/>\n<meta property=\"article:published_time\" content=\"2025-02-13T18:16:12+00:00\" \/>\n<meta property=\"article:modified_time\" content=\"2025-02-27T13:19:20+00:00\" \/>\n<meta property=\"og:image\" content=\"https:\/\/fondschristianboltanski.com\/new_website\/wp-content\/uploads\/2025\/02\/2024-transfo-1-1500x1059.jpg\" \/>\n\t<meta property=\"og:image:width\" content=\"1500\" \/>\n\t<meta property=\"og:image:height\" content=\"1059\" \/>\n\t<meta property=\"og:image:type\" content=\"image\/jpeg\" \/>\n<meta name=\"author\" content=\"vl@fondschristianboltanski.com\" \/>\n<meta name=\"twitter:card\" content=\"summary_large_image\" \/>\n<meta name=\"twitter:label1\" content=\"Written by\" \/>\n\t<meta name=\"twitter:data1\" content=\"vl@fondschristianboltanski.com\" \/>\n\t<meta name=\"twitter:label2\" content=\"Est. reading time\" \/>\n\t<meta name=\"twitter:data2\" content=\"1 minute\" \/>\n<script type=\"application\/ld+json\" class=\"yoast-schema-graph\">{\"@context\":\"https:\\\/\\\/schema.org\",\"@graph\":[{\"@type\":\"Article\",\"@id\":\"https:\\\/\\\/fondschristianboltanski.com\\\/legerete-des-ombres\\\/#article\",\"isPartOf\":{\"@id\":\"https:\\\/\\\/fondschristianboltanski.com\\\/legerete-des-ombres\\\/\"},\"author\":{\"name\":\"vl@fondschristianboltanski.com\",\"@id\":\"https:\\\/\\\/fondschristianboltanski.com\\\/#\\\/schema\\\/person\\\/5ee2940ac2861e5c646bac22967264b5\"},\"headline\":\"L\u00e9g\u00e8ret\u00e9 des ombres\",\"datePublished\":\"2025-02-13T18:16:12+00:00\",\"dateModified\":\"2025-02-27T13:19:20+00:00\",\"mainEntityOfPage\":{\"@id\":\"https:\\\/\\\/fondschristianboltanski.com\\\/legerete-des-ombres\\\/\"},\"wordCount\":315,\"commentCount\":0,\"image\":{\"@id\":\"https:\\\/\\\/fondschristianboltanski.com\\\/legerete-des-ombres\\\/#primaryimage\"},\"thumbnailUrl\":\"https:\\\/\\\/fondschristianboltanski.com\\\/new_website\\\/wp-content\\\/uploads\\\/2025\\\/02\\\/2024-transfo-1.jpg\",\"articleSection\":[\"Exhibitions\"],\"inLanguage\":\"en-US\",\"potentialAction\":[{\"@type\":\"CommentAction\",\"name\":\"Comment\",\"target\":[\"https:\\\/\\\/fondschristianboltanski.com\\\/legerete-des-ombres\\\/#respond\"]}]},{\"@type\":\"WebPage\",\"@id\":\"https:\\\/\\\/fondschristianboltanski.com\\\/en\\\/legerete-des-ombres\\\/\",\"url\":\"https:\\\/\\\/fondschristianboltanski.com\\\/en\\\/legerete-des-ombres\\\/\",\"name\":\"L\u00e9g\u00e8ret\u00e9 des ombres - Fonds de dotation Christian Boltanski\",\"isPartOf\":{\"@id\":\"https:\\\/\\\/fondschristianboltanski.com\\\/en\\\/#website\"},\"primaryImageOfPage\":{\"@id\":\"https:\\\/\\\/fondschristianboltanski.com\\\/en\\\/legerete-des-ombres\\\/#primaryimage\"},\"image\":{\"@id\":\"https:\\\/\\\/fondschristianboltanski.com\\\/legerete-des-ombres\\\/#primaryimage\"},\"thumbnailUrl\":\"https:\\\/\\\/fondschristianboltanski.com\\\/new_website\\\/wp-content\\\/uploads\\\/2025\\\/02\\\/2024-transfo-1.jpg\",\"datePublished\":\"2025-02-13T18:16:12+00:00\",\"dateModified\":\"2025-02-27T13:19:20+00:00\",\"author\":{\"@id\":\"https:\\\/\\\/fondschristianboltanski.com\\\/#\\\/schema\\\/person\\\/5ee2940ac2861e5c646bac22967264b5\"},\"breadcrumb\":{\"@id\":\"https:\\\/\\\/fondschristianboltanski.com\\\/en\\\/legerete-des-ombres\\\/#breadcrumb\"},\"inLanguage\":\"en-US\",\"potentialAction\":[{\"@type\":\"ReadAction\",\"target\":[[\"https:\\\/\\\/fondschristianboltanski.com\\\/en\\\/legerete-des-ombres\\\/\"]]}]},{\"@type\":\"ImageObject\",\"inLanguage\":\"en-US\",\"@id\":\"https:\\\/\\\/fondschristianboltanski.com\\\/en\\\/legerete-des-ombres\\\/#primaryimage\",\"url\":\"https:\\\/\\\/fondschristianboltanski.com\\\/new_website\\\/wp-content\\\/uploads\\\/2025\\\/02\\\/2024-transfo-1.jpg\",\"contentUrl\":\"https:\\\/\\\/fondschristianboltanski.com\\\/new_website\\\/wp-content\\\/uploads\\\/2025\\\/02\\\/2024-transfo-1.jpg\",\"width\":2500,\"height\":1765},{\"@type\":\"BreadcrumbList\",\"@id\":\"https:\\\/\\\/fondschristianboltanski.com\\\/en\\\/legerete-des-ombres\\\/#breadcrumb\",\"itemListElement\":[{\"@type\":\"ListItem\",\"position\":1,\"name\":\"Accueil\",\"item\":\"https:\\\/\\\/fondschristianboltanski.com\\\/en\\\/\"},{\"@type\":\"ListItem\",\"position\":2,\"name\":\"L\u00e9g\u00e8ret\u00e9 des ombres\"}]},{\"@type\":\"WebSite\",\"@id\":\"https:\\\/\\\/fondschristianboltanski.com\\\/en\\\/#website\",\"url\":\"https:\\\/\\\/fondschristianboltanski.com\\\/en\\\/\",\"name\":\"Fonds de dotation Christian Boltanski\",\"description\":\"[:fr]Le Fonds de Dotation Christian Boltanski, cr\u00e9\u00e9 en 2023 par Annette Messager, a pour objet d\u2019assurer la conservation, la diffusion, et la promotion de l\u2019\u0153uvre de Christian Boltanski. Le Fonds a pour int\u00e9r\u00eat g\u00e9n\u00e9ral un objet culturel, de conservation et de sauvegarde de l&#039;\u0153uvre de l&#039;artiste aupr\u00e8s du public.[:en]Le Fonds de dotation Christian Boltanski (The Christian Boltanski Endowment Fund), created in September 2023, aims to ensure the conservation, diffusion and promotion of the artist\u2019s work among the public and professionals.[:]\",\"potentialAction\":[{\"@type\":\"SearchAction\",\"target\":{\"@type\":\"EntryPoint\",\"urlTemplate\":\"https:\\\/\\\/fondschristianboltanski.com\\\/en\\\/?s={search_term_string}\"},\"query-input\":{\"@type\":\"PropertyValueSpecification\",\"valueRequired\":true,\"valueName\":\"search_term_string\"}}],\"inLanguage\":\"en-US\"},{\"@type\":\"Person\",\"@id\":\"https:\\\/\\\/fondschristianboltanski.com\\\/#\\\/schema\\\/person\\\/5ee2940ac2861e5c646bac22967264b5\",\"name\":\"vl@fondschristianboltanski.com\",\"image\":{\"@type\":\"ImageObject\",\"inLanguage\":\"en-US\",\"@id\":\"https:\\\/\\\/secure.gravatar.com\\\/avatar\\\/a9ce2521501b5e46c60a9ce5d20165259779cd73aa2167c0e1b8e35ec3465db6?s=96&d=mm&r=g\",\"url\":\"https:\\\/\\\/secure.gravatar.com\\\/avatar\\\/a9ce2521501b5e46c60a9ce5d20165259779cd73aa2167c0e1b8e35ec3465db6?s=96&d=mm&r=g\",\"contentUrl\":\"https:\\\/\\\/secure.gravatar.com\\\/avatar\\\/a9ce2521501b5e46c60a9ce5d20165259779cd73aa2167c0e1b8e35ec3465db6?s=96&d=mm&r=g\",\"caption\":\"vl@fondschristianboltanski.com\"}}]}<\/script>\n<!-- \/ Yoast SEO plugin. -->","yoast_head_json":{"title":"L\u00e9g\u00e8ret\u00e9 des ombres - Fonds de dotation Christian Boltanski","robots":{"index":"index","follow":"follow","max-snippet":"max-snippet:-1","max-image-preview":"max-image-preview:large","max-video-preview":"max-video-preview:-1"},"canonical":"https:\/\/fondschristianboltanski.com\/en\/legerete-des-ombres\/","og_locale":"en_US","og_type":"article","og_title":"L\u00e9g\u00e8ret\u00e9 des ombres - Fonds de dotation Christian Boltanski","og_description":"\u201cI really liked the idea of an immaterial image that could take on any form and disappear in a second. All you have to do is turn on the light and there&#8217;s nothing left&#8221;. &nbsp; In the early 1980s, Christian Boltanski used projection, then shadows, to transform the ordinary into the magical. Creating a dim [&hellip;]","og_url":"https:\/\/fondschristianboltanski.com\/en\/legerete-des-ombres\/","og_site_name":"Fonds de dotation Christian Boltanski","article_published_time":"2025-02-13T18:16:12+00:00","article_modified_time":"2025-02-27T13:19:20+00:00","og_image":[{"width":1500,"height":1059,"url":"https:\/\/fondschristianboltanski.com\/new_website\/wp-content\/uploads\/2025\/02\/2024-transfo-1-1500x1059.jpg","type":"image\/jpeg"}],"author":"vl@fondschristianboltanski.com","twitter_card":"summary_large_image","twitter_misc":{"Written by":"vl@fondschristianboltanski.com","Est. reading time":"1 minute"},"schema":{"@context":"https:\/\/schema.org","@graph":[{"@type":"Article","@id":"https:\/\/fondschristianboltanski.com\/legerete-des-ombres\/#article","isPartOf":{"@id":"https:\/\/fondschristianboltanski.com\/legerete-des-ombres\/"},"author":{"name":"vl@fondschristianboltanski.com","@id":"https:\/\/fondschristianboltanski.com\/#\/schema\/person\/5ee2940ac2861e5c646bac22967264b5"},"headline":"L\u00e9g\u00e8ret\u00e9 des ombres","datePublished":"2025-02-13T18:16:12+00:00","dateModified":"2025-02-27T13:19:20+00:00","mainEntityOfPage":{"@id":"https:\/\/fondschristianboltanski.com\/legerete-des-ombres\/"},"wordCount":315,"commentCount":0,"image":{"@id":"https:\/\/fondschristianboltanski.com\/legerete-des-ombres\/#primaryimage"},"thumbnailUrl":"https:\/\/fondschristianboltanski.com\/new_website\/wp-content\/uploads\/2025\/02\/2024-transfo-1.jpg","articleSection":["Exhibitions"],"inLanguage":"en-US","potentialAction":[{"@type":"CommentAction","name":"Comment","target":["https:\/\/fondschristianboltanski.com\/legerete-des-ombres\/#respond"]}]},{"@type":"WebPage","@id":"https:\/\/fondschristianboltanski.com\/en\/legerete-des-ombres\/","url":"https:\/\/fondschristianboltanski.com\/en\/legerete-des-ombres\/","name":"L\u00e9g\u00e8ret\u00e9 des ombres - Fonds de dotation Christian Boltanski","isPartOf":{"@id":"https:\/\/fondschristianboltanski.com\/en\/#website"},"primaryImageOfPage":{"@id":"https:\/\/fondschristianboltanski.com\/en\/legerete-des-ombres\/#primaryimage"},"image":{"@id":"https:\/\/fondschristianboltanski.com\/legerete-des-ombres\/#primaryimage"},"thumbnailUrl":"https:\/\/fondschristianboltanski.com\/new_website\/wp-content\/uploads\/2025\/02\/2024-transfo-1.jpg","datePublished":"2025-02-13T18:16:12+00:00","dateModified":"2025-02-27T13:19:20+00:00","author":{"@id":"https:\/\/fondschristianboltanski.com\/#\/schema\/person\/5ee2940ac2861e5c646bac22967264b5"},"breadcrumb":{"@id":"https:\/\/fondschristianboltanski.com\/en\/legerete-des-ombres\/#breadcrumb"},"inLanguage":"en-US","potentialAction":[{"@type":"ReadAction","target":[["https:\/\/fondschristianboltanski.com\/en\/legerete-des-ombres\/"]]}]},{"@type":"ImageObject","inLanguage":"en-US","@id":"https:\/\/fondschristianboltanski.com\/en\/legerete-des-ombres\/#primaryimage","url":"https:\/\/fondschristianboltanski.com\/new_website\/wp-content\/uploads\/2025\/02\/2024-transfo-1.jpg","contentUrl":"https:\/\/fondschristianboltanski.com\/new_website\/wp-content\/uploads\/2025\/02\/2024-transfo-1.jpg","width":2500,"height":1765},{"@type":"BreadcrumbList","@id":"https:\/\/fondschristianboltanski.com\/en\/legerete-des-ombres\/#breadcrumb","itemListElement":[{"@type":"ListItem","position":1,"name":"Accueil","item":"https:\/\/fondschristianboltanski.com\/en\/"},{"@type":"ListItem","position":2,"name":"L\u00e9g\u00e8ret\u00e9 des ombres"}]},{"@type":"WebSite","@id":"https:\/\/fondschristianboltanski.com\/en\/#website","url":"https:\/\/fondschristianboltanski.com\/en\/","name":"Fonds de dotation Christian Boltanski","description":"[:fr]Le Fonds de Dotation Christian Boltanski, cr\u00e9\u00e9 en 2023 par Annette Messager, a pour objet d\u2019assurer la conservation, la diffusion, et la promotion de l\u2019\u0153uvre de Christian Boltanski. Le Fonds a pour int\u00e9r\u00eat g\u00e9n\u00e9ral un objet culturel, de conservation et de sauvegarde de l&#039;\u0153uvre de l&#039;artiste aupr\u00e8s du public.[:en]Le Fonds de dotation Christian Boltanski (The Christian Boltanski Endowment Fund), created in September 2023, aims to ensure the conservation, diffusion and promotion of the artist\u2019s work among the public and professionals.[:]","potentialAction":[{"@type":"SearchAction","target":{"@type":"EntryPoint","urlTemplate":"https:\/\/fondschristianboltanski.com\/en\/?s={search_term_string}"},"query-input":{"@type":"PropertyValueSpecification","valueRequired":true,"valueName":"search_term_string"}}],"inLanguage":"en-US"},{"@type":"Person","@id":"https:\/\/fondschristianboltanski.com\/#\/schema\/person\/5ee2940ac2861e5c646bac22967264b5","name":"vl@fondschristianboltanski.com","image":{"@type":"ImageObject","inLanguage":"en-US","@id":"https:\/\/secure.gravatar.com\/avatar\/a9ce2521501b5e46c60a9ce5d20165259779cd73aa2167c0e1b8e35ec3465db6?s=96&d=mm&r=g","url":"https:\/\/secure.gravatar.com\/avatar\/a9ce2521501b5e46c60a9ce5d20165259779cd73aa2167c0e1b8e35ec3465db6?s=96&d=mm&r=g","contentUrl":"https:\/\/secure.gravatar.com\/avatar\/a9ce2521501b5e46c60a9ce5d20165259779cd73aa2167c0e1b8e35ec3465db6?s=96&d=mm&r=g","caption":"vl@fondschristianboltanski.com"}}]}},"_links":{"self":[{"href":"https:\/\/fondschristianboltanski.com\/en\/wp-json\/wp\/v2\/posts\/581","targetHints":{"allow":["GET"]}}],"collection":[{"href":"https:\/\/fondschristianboltanski.com\/en\/wp-json\/wp\/v2\/posts"}],"about":[{"href":"https:\/\/fondschristianboltanski.com\/en\/wp-json\/wp\/v2\/types\/post"}],"author":[{"embeddable":true,"href":"https:\/\/fondschristianboltanski.com\/en\/wp-json\/wp\/v2\/users\/3"}],"replies":[{"embeddable":true,"href":"https:\/\/fondschristianboltanski.com\/en\/wp-json\/wp\/v2\/comments?post=581"}],"version-history":[{"count":17,"href":"https:\/\/fondschristianboltanski.com\/en\/wp-json\/wp\/v2\/posts\/581\/revisions"}],"predecessor-version":[{"id":913,"href":"https:\/\/fondschristianboltanski.com\/en\/wp-json\/wp\/v2\/posts\/581\/revisions\/913"}],"wp:featuredmedia":[{"embeddable":true,"href":"https:\/\/fondschristianboltanski.com\/en\/wp-json\/wp\/v2\/media\/672"}],"wp:attachment":[{"href":"https:\/\/fondschristianboltanski.com\/en\/wp-json\/wp\/v2\/media?parent=581"}],"wp:term":[{"taxonomy":"category","embeddable":true,"href":"https:\/\/fondschristianboltanski.com\/en\/wp-json\/wp\/v2\/categories?post=581"},{"taxonomy":"post_tag","embeddable":true,"href":"https:\/\/fondschristianboltanski.com\/en\/wp-json\/wp\/v2\/tags?post=581"}],"curies":[{"name":"wp","href":"https:\/\/api.w.org\/{rel}","templated":true}]}}